{"id":30236,"date":"2025-11-26T19:06:19","date_gmt":"2025-11-26T18:06:19","guid":{"rendered":"https:\/\/www.tkd-baindt.de\/wp\/?p=30236"},"modified":"2025-11-26T19:06:19","modified_gmt":"2025-11-26T18:06:19","slug":"guertel-pruefungen-in-baindt","status":"publish","type":"post","link":"https:\/\/www.tkd-baindt.de\/wp\/2025\/11\/guertel-pruefungen-in-baindt\/","title":{"rendered":"G\u00fcrtel Pr\u00fcfungen in Baindt"},"content":{"rendered":"\n<p>Nach mehreren Monaten intensiven Trainings haben wir am 18.11.und 21.11.2025 wieder eine G\u00fcrtelpr\u00fcfung in Baindt abgehalten. Neben dem klassischen Formenlauf wurden auch Angriffstechniken, Selbstverteidigung und Grundschule gepr\u00fcft. Alle Teilnehmer haben die Pr\u00fcfung bestanden, wir gratulieren ihnen zu ihrem neuen G\u00fcrtel und w\u00fcnschen weiterhin viel Spa\u00df beim Training!&nbsp; Trainer Frank Bania \/ Verena Pau<\/p>\n\n\n\n<figure class=\"wp-block-image size-full is-resized\"><img loading=\"lazy\" decoding=\"async\" width=\"2560\" height=\"1920\" src=\"https:\/\/www.tkd-baindt.de\/wp\/wp-content\/uploads\/2025\/11\/20251118_210448-scaled.jpg\" alt=\"\" class=\"wp-image-30237\" style=\"width:389px;height:auto\" srcset=\"https:\/\/www.tkd-baindt.de\/wp\/wp-content\/uploads\/2025\/11\/20251118_210448-scaled.jpg 2560w, https:\/\/www.tkd-baindt.de\/wp\/wp-content\/uploads\/2025\/11\/20251118_210448-300x225.jpg 300w, https:\/\/www.tkd-baindt.de\/wp\/wp-content\/uploads\/2025\/11\/20251118_210448-1024x768.jpg 1024w, https:\/\/www.tkd-baindt.de\/wp\/wp-content\/uploads\/2025\/11\/20251118_210448-768x576.jpg 768w, https:\/\/www.tkd-baindt.de\/wp\/wp-content\/uploads\/2025\/11\/20251118_210448-1536x1152.jpg 1536w, https:\/\/www.tkd-baindt.de\/wp\/wp-content\/uploads\/2025\/11\/20251118_210448-2048x1536.jpg 2048w, https:\/\/www.tkd-baindt.de\/wp\/wp-content\/uploads\/2025\/11\/20251118_210448-700x525.jpg 700w\" sizes=\"auto, (max-width: 2560px) 100vw, 2560px\" \/><\/figure>\n\n\n\n<figure class=\"wp-block-image size-full is-resized\"><img loading=\"lazy\" decoding=\"async\" width=\"800\" height=\"533\" src=\"https:\/\/www.tkd-baindt.de\/wp\/wp-content\/uploads\/2025\/11\/A7400901-2.jpg\" alt=\"\" class=\"wp-image-30244\" style=\"width:393px;height:auto\" srcset=\"https:\/\/www.tkd-baindt.de\/wp\/wp-content\/uploads\/2025\/11\/A7400901-2.jpg 800w, https:\/\/www.tkd-baindt.de\/wp\/wp-content\/uploads\/2025\/11\/A7400901-2-300x200.jpg 300w, https:\/\/www.tkd-baindt.de\/wp\/wp-content\/uploads\/2025\/11\/A7400901-2-768x512.jpg 768w, https:\/\/www.tkd-baindt.de\/wp\/wp-content\/uploads\/2025\/11\/A7400901-2-700x466.jpg 700w\" sizes=\"auto, (max-width: 800px) 100vw, 800px\" \/><\/figure>\n\n\n\n<figure class=\"wp-block-image size-full is-resized\"><img loading=\"lazy\" decoding=\"async\" width=\"800\" height=\"533\" src=\"https:\/\/www.tkd-baindt.de\/wp\/wp-content\/uploads\/2025\/11\/A7400911.jpg\" alt=\"\" class=\"wp-image-30239\" style=\"width:392px;height:auto\" srcset=\"https:\/\/www.tkd-baindt.de\/wp\/wp-content\/uploads\/2025\/11\/A7400911.jpg 800w, https:\/\/www.tkd-baindt.de\/wp\/wp-content\/uploads\/2025\/11\/A7400911-300x200.jpg 300w, https:\/\/www.tkd-baindt.de\/wp\/wp-content\/uploads\/2025\/11\/A7400911-768x512.jpg 768w, https:\/\/www.tkd-baindt.de\/wp\/wp-content\/uploads\/2025\/11\/A7400911-700x466.jpg 700w\" sizes=\"auto, (max-width: 800px) 100vw, 800px\" \/><\/figure>\n\n\n\n<p>Pr\u00fcfer Alfred Manthei&nbsp;<\/p>\n\n\n\n<p><strong>Stefan Bernhart&nbsp;&nbsp;&nbsp;&nbsp;&nbsp;&nbsp;&nbsp;&nbsp;&nbsp;&nbsp;&nbsp;&nbsp;&nbsp;&nbsp; gelb<\/strong><\/p>\n\n\n\n<p><strong>Monika F\u00f6rtsch&nbsp;&nbsp;&nbsp;&nbsp;&nbsp;&nbsp;&nbsp;&nbsp;&nbsp;&nbsp;&nbsp;&nbsp;&nbsp;&nbsp; blau<\/strong><\/p>\n\n\n\n<p><strong>Mark Kreuzer&nbsp;&nbsp;&nbsp;&nbsp;&nbsp;&nbsp;&nbsp;&nbsp;&nbsp;&nbsp;&nbsp;&nbsp;&nbsp;&nbsp;&nbsp;&nbsp; &nbsp;&nbsp;gelb<\/strong><\/p>\n\n\n\n<p><strong>Patricia Avasilcutei&nbsp;&nbsp;&nbsp;&nbsp;&nbsp;&nbsp;&nbsp;&nbsp; gelb<\/strong><\/p>\n\n\n\n<p><strong>Lukas Kreutzer&nbsp;&nbsp;&nbsp;&nbsp;&nbsp;&nbsp;&nbsp;&nbsp;&nbsp;&nbsp;&nbsp;&nbsp;&nbsp;&nbsp;&nbsp; gelb<\/strong><\/p>\n\n\n\n<p><strong>Samuel Kreuzer&nbsp;&nbsp;&nbsp;&nbsp;&nbsp;&nbsp;&nbsp;&nbsp;&nbsp;&nbsp;&nbsp;&nbsp;&nbsp; gelb<\/strong><\/p>\n\n\n\n<p><strong>Emir Can Bolat&nbsp;&nbsp;&nbsp;&nbsp;&nbsp;&nbsp;&nbsp;&nbsp;&nbsp;&nbsp;&nbsp;&nbsp;&nbsp;&nbsp;&nbsp; gelb<\/strong><\/p>\n\n\n\n<p><strong>Jule Dreher&nbsp;&nbsp;&nbsp;&nbsp;&nbsp;&nbsp;&nbsp;&nbsp;&nbsp;&nbsp;&nbsp;&nbsp;&nbsp;&nbsp;&nbsp;&nbsp;&nbsp;&nbsp;&nbsp;&nbsp;&nbsp;&nbsp; gelb<\/strong><\/p>\n\n\n\n<p><strong>Mia Wuhrer&nbsp;&nbsp;&nbsp;&nbsp;&nbsp;&nbsp;&nbsp;&nbsp;&nbsp;&nbsp;&nbsp;&nbsp;&nbsp;&nbsp;&nbsp;&nbsp;&nbsp;&nbsp;&nbsp;&nbsp; gelb\/gr\u00fcn<\/strong><\/p>\n\n\n\n<p><strong>Berat Yildiz&nbsp;&nbsp;&nbsp;&nbsp;&nbsp;&nbsp;&nbsp;&nbsp;&nbsp;&nbsp;&nbsp;&nbsp;&nbsp;&nbsp;&nbsp;&nbsp;&nbsp;&nbsp;&nbsp;&nbsp;&nbsp; gelb\/gr\u00fcn<\/strong><\/p>\n\n\n\n<p><strong>Ida Buchm\u00fcller&nbsp;&nbsp;&nbsp;&nbsp;&nbsp;&nbsp;&nbsp;&nbsp;&nbsp;&nbsp;&nbsp;&nbsp;&nbsp; gelb\/gr\u00fcn<\/strong><\/p>\n","protected":false},"excerpt":{"rendered":"<p>Nach mehreren Monaten intensiven Trainings haben wir am 18.11.und 21.11.2025 wieder eine G\u00fcrtelpr\u00fcfung in Baindt abgehalten. Neben dem klassischen Formenlauf wurden auch Angriffstechniken, Selbstverteidigung und Grundschule gepr\u00fcft. Alle Teilnehmer haben die Pr\u00fcfung bestanden, wir gratulieren ihnen zu ihrem neuen G\u00fcrtel und w\u00fcnschen weiterhin viel Spa\u00df beim Training!&nbsp; Trainer Frank Bania \/ Verena Pau Pr\u00fcfer Alfred [&hellip;]<\/p>\n","protected":false},"author":7,"featured_media":0,"comment_status":"closed","ping_status":"open","sticky":false,"template":"","format":"standard","meta":{"ngg_post_thumbnail":0,"footnotes":""},"categories":[1,12,2,5,14],"tags":[],"class_list":["post-30236","post","type-post","status-publish","format-standard","hentry","category-allgemein","category-kids","category-pruefung","category-taekwondo","category-trainer"],"post_mailing_queue_ids":[],"_links":{"self":[{"href":"https:\/\/www.tkd-baindt.de\/wp\/wp-json\/wp\/v2\/posts\/30236","targetHints":{"allow":["GET"]}}],"collection":[{"href":"https:\/\/www.tkd-baindt.de\/wp\/wp-json\/wp\/v2\/posts"}],"about":[{"href":"https:\/\/www.tkd-baindt.de\/wp\/wp-json\/wp\/v2\/types\/post"}],"author":[{"embeddable":true,"href":"https:\/\/www.tkd-baindt.de\/wp\/wp-json\/wp\/v2\/users\/7"}],"replies":[{"embeddable":true,"href":"https:\/\/www.tkd-baindt.de\/wp\/wp-json\/wp\/v2\/comments?post=30236"}],"version-history":[{"count":1,"href":"https:\/\/www.tkd-baindt.de\/wp\/wp-json\/wp\/v2\/posts\/30236\/revisions"}],"predecessor-version":[{"id":30245,"href":"https:\/\/www.tkd-baindt.de\/wp\/wp-json\/wp\/v2\/posts\/30236\/revisions\/30245"}],"wp:attachment":[{"href":"https:\/\/www.tkd-baindt.de\/wp\/wp-json\/wp\/v2\/media?parent=30236"}],"wp:term":[{"taxonomy":"category","embeddable":true,"href":"https:\/\/www.tkd-baindt.de\/wp\/wp-json\/wp\/v2\/categories?post=30236"},{"taxonomy":"post_tag","embeddable":true,"href":"https:\/\/www.tkd-baindt.de\/wp\/wp-json\/wp\/v2\/tags?post=30236"}],"curies":[{"name":"wp","href":"https:\/\/api.w.org\/{rel}","templated":true}]}}